{"id":3507,"date":"2023-03-15T14:14:20","date_gmt":"2023-03-15T13:14:20","guid":{"rendered":"http:\/\/ecole-ndtreminou-plomeur.fr\/?p=3507"},"modified":"2023-03-15T14:20:58","modified_gmt":"2023-03-15T13:20:58","slug":"3507","status":"publish","type":"post","link":"https:\/\/ecole-ndtreminou-plomeur.fr\/?p=3507","title":{"rendered":"Les CP partent \u00e0 la d\u00e9couverte de la Nature !"},"content":{"rendered":"\n[et_pb_section fb_built=\u00a0\u00bb1&Prime; theme_builder_area=\u00a0\u00bbpost_content\u00a0\u00bb _builder_version=\u00a0\u00bb4.20.0&Prime; _module_preset=\u00a0\u00bbdefault\u00a0\u00bb][et_pb_row _builder_version=\u00a0\u00bb4.20.0&Prime; _module_preset=\u00a0\u00bbdefault\u00a0\u00bb column_structure=\u00a0\u00bb1_2,1_2&Prime; theme_builder_area=\u00a0\u00bbpost_content\u00a0\u00bb][et_pb_column _builder_version=\u00a0\u00bb4.20.0&Prime; _module_preset=\u00a0\u00bbdefault\u00a0\u00bb type=\u00a0\u00bb1_2&Prime; theme_builder_area=\u00a0\u00bbpost_content\u00a0\u00bb][et_pb_text _builder_version=\u00a0\u00bb4.20.0&Prime; _module_preset=\u00a0\u00bbdefault\u00a0\u00bb theme_builder_area=\u00a0\u00bbpost_content\u00a0\u00bb hover_enabled=\u00a0\u00bb0&Prime; sticky_enabled=\u00a0\u00bb0&Prime;]<p>Tout au long de l&rsquo;ann\u00e9e, les \u00e9l\u00e8ves de la classe de CP d\u00e9couvrent la nature avec Steven, animateur de la Communaut\u00e9 de Communes du Pays Bigouden Sud.<\/p>\n<p>Lors des deux premi\u00e8res s\u00e9ances, les \u00e9l\u00e8ves ont appris \u00e0 reconna\u00eetre les arbres de la for\u00eat environnante.<\/p>\n<p>Ils ont aussi red\u00e9couvert la Nature gr\u00e2ce \u00e0 leur sens.<\/p>\n<p>Une derni\u00e8re s\u00e9ance \u00e0 la journ\u00e9e est programm\u00e9e vendredi 14 avril.<\/p>\n<p>&nbsp;<\/p>[\/et_pb_text][\/et_pb_column][et_pb_column _builder_version=\u00a0\u00bb4.20.0&Prime; _module_preset=\u00a0\u00bbdefault\u00a0\u00bb type=\u00a0\u00bb1_2&Prime; theme_builder_area=\u00a0\u00bbpost_content\u00a0\u00bb][et_pb_image src=\u00a0\u00bbhttp:\/\/ecole-ndtreminou-plomeur.fr\/wp-content\/uploads\/2023\/03\/IMG_20221110_100319-scaled.jpg\u00a0\u00bb _builder_version=\u00a0\u00bb4.20.0&Prime; _module_preset=\u00a0\u00bbdefault\u00a0\u00bb theme_builder_area=\u00a0\u00bbpost_content\u00a0\u00bb title_text=\u00a0\u00bbIMG_20221110_100319&Prime; hover_enabled=\u00a0\u00bb0&Prime; sticky_enabled=\u00a0\u00bb0&Prime;][\/et_pb_image][et_pb_image src=\u00a0\u00bbhttp:\/\/ecole-ndtreminou-plomeur.fr\/wp-content\/uploads\/2023\/03\/IMG_20221110_093624-scaled.jpg\u00a0\u00bb _builder_version=\u00a0\u00bb4.20.0&Prime; _module_preset=\u00a0\u00bbdefault\u00a0\u00bb theme_builder_area=\u00a0\u00bbpost_content\u00a0\u00bb title_text=\u00a0\u00bbIMG_20221110_093624&Prime; hover_enabled=\u00a0\u00bb0&Prime; sticky_enabled=\u00a0\u00bb0&Prime;][\/et_pb_image][\/et_pb_column][\/et_pb_row][\/et_pb_section]\n","protected":false},"excerpt":{"rendered":"<p>Tout au long de l&rsquo;ann\u00e9e, les \u00e9l\u00e8ves de la classe de CP d\u00e9couvrent la nature avec Steven, animateur de la Communaut\u00e9 de Communes du Pays Bigouden Sud. Lors des deux premi\u00e8res s\u00e9ances, les \u00e9l\u00e8ves ont appris \u00e0 reconna\u00eetre les arbres de la for\u00eat environnante. Ils ont aussi red\u00e9couvert la Nature gr\u00e2ce \u00e0 leur sens. Une [&hellip;]<\/p>\n","protected":false},"author":3,"featured_media":3508,"comment_status":"closed","ping_status":"closed","sticky":false,"template":"","format":"standard","meta":{"_et_pb_use_builder":"on","_et_pb_old_content":"","_et_gb_content_width":"","footnotes":""},"categories":[5],"tags":[],"class_list":["post-3507","post","type-post","status-publish","format-standard","has-post-thumbnail","hentry","category-la-vie-des-classes"],"_links":{"self":[{"href":"https:\/\/ecole-ndtreminou-plomeur.fr\/index.php?rest_route=\/wp\/v2\/posts\/3507","targetHints":{"allow":["GET"]}}],"collection":[{"href":"https:\/\/ecole-ndtreminou-plomeur.fr\/index.php?rest_route=\/wp\/v2\/posts"}],"about":[{"href":"https:\/\/ecole-ndtreminou-plomeur.fr\/index.php?rest_route=\/wp\/v2\/types\/post"}],"author":[{"embeddable":true,"href":"https:\/\/ecole-ndtreminou-plomeur.fr\/index.php?rest_route=\/wp\/v2\/users\/3"}],"replies":[{"embeddable":true,"href":"https:\/\/ecole-ndtreminou-plomeur.fr\/index.php?rest_route=%2Fwp%2Fv2%2Fcomments&post=3507"}],"version-history":[{"count":4,"href":"https:\/\/ecole-ndtreminou-plomeur.fr\/index.php?rest_route=\/wp\/v2\/posts\/3507\/revisions"}],"predecessor-version":[{"id":3517,"href":"https:\/\/ecole-ndtreminou-plomeur.fr\/index.php?rest_route=\/wp\/v2\/posts\/3507\/revisions\/3517"}],"wp:featuredmedia":[{"embeddable":true,"href":"https:\/\/ecole-ndtreminou-plomeur.fr\/index.php?rest_route=\/wp\/v2\/media\/3508"}],"wp:attachment":[{"href":"https:\/\/ecole-ndtreminou-plomeur.fr\/index.php?rest_route=%2Fwp%2Fv2%2Fmedia&parent=3507"}],"wp:term":[{"taxonomy":"category","embeddable":true,"href":"https:\/\/ecole-ndtreminou-plomeur.fr\/index.php?rest_route=%2Fwp%2Fv2%2Fcategories&post=3507"},{"taxonomy":"post_tag","embeddable":true,"href":"https:\/\/ecole-ndtreminou-plomeur.fr\/index.php?rest_route=%2Fwp%2Fv2%2Ftags&post=3507"}],"curies":[{"name":"wp","href":"https:\/\/api.w.org\/{rel}","templated":true}]}}